{"id":799,"date":"2008-10-15T15:28:27","date_gmt":"2008-10-15T21:28:27","guid":{"rendered":"http:\/\/andresb.net\/?p=799"},"modified":"2008-10-15T15:32:31","modified_gmt":"2008-10-15T21:32:31","slug":"el-enemigo-esta-en-casa","status":"publish","type":"post","link":"https:\/\/andresb.net\/blog\/post\/2008\/10\/el-enemigo-esta-en-casa\/","title":{"rendered":"El enemigo est\u00e1 en casa&#8230;"},"content":{"rendered":"<p>Hace tiempo que <a href=\"http:\/\/andresb.net\/post\/2005\/11\/una-de-dos\/\">observo este fen\u00f3meno<\/a> con una mezcla de asombro, incredulidad y decepci\u00f3n:<\/p>\n<p style=\"text-align: center;\"><a href=\"http:\/\/darmano.typepad.com\/logic_emotion\/2008\/10\/the-corporate-s.html\"><img loading=\"lazy\" class=\"aligncenter\" title=\"Hagamos algo innovador\" src=\"http:\/\/darmano.typepad.com\/logic_emotion\/images\/2008\/10\/14\/corp_curve_2.jpg\" alt=\"\" width=\"454\" height=\"464\" \/><\/a><\/p>\n<p>Por m\u00e1s esfuerzo que hagan algunos iluminados por sacar a las empresas donde trabajan de un -discutible, porque hasta ahora funciona- letargo, una de las peores trabas que encuentran viene del interior de la propia organizaci\u00f3n: no hay ni sombra de alineaci\u00f3n de objetivos entre las \u00e1reas de marketing y\/o comunicaci\u00f3n y el resto de la empresa.<\/p>\n<p>No se trata s\u00f3lo del \u00e1mbito digital. La funci\u00f3n del \u00e1rea legal es decir que no a cualquier cosa que pueda requerir ir a mirar un libro. La funci\u00f3n de ventas es decir que no a cualquier cosa que pueda afectar las comisiones (hagamos un 2&#215;1). La funci\u00f3n de producci\u00f3n es decir no a cualquier cosa que implique variar el plan del a\u00f1o. La funci\u00f3n de la direcci\u00f3n general es escuchar a todos y 3 contra uno ganan f\u00e1cil.<\/p>\n<p>Podr\u00e1n decirme que ha habido una evoluci\u00f3n y ahora hay m\u00e1s apertura y comunicaci\u00f3n entre \u00e1reas. El d\u00eda que mis clientes dejen de temblar cuando se menciona \u00abescalemos esto al equipo, as\u00ed todos saben de qu\u00e9 se trata\u00bb, voy a pensar distinto.<\/p>\n","protected":false},"excerpt":{"rendered":"<p>Hace tiempo que observo este fen\u00f3meno con una mezcla de asombro, incredulidad y decepci\u00f3n: Por m\u00e1s esfuerzo que hagan algunos iluminados por sacar a las empresas donde trabajan de un -discutible, porque hasta ahora funciona- letargo, una de las peores trabas que encuentran viene del interior de la propia organizaci\u00f3n: no hay ni sombra de [&hellip;]<\/p>\n","protected":false},"author":2,"featured_media":0,"comment_status":"open","ping_status":"open","sticky":false,"template":"","format":"standard","meta":{"twitterCardType":"","cardImageID":0,"cardImage":"","cardTitle":"","cardDesc":"","cardImageAlt":"","cardPlayer":"","cardPlayerWidth":0,"cardPlayerHeight":0,"cardPlayerStream":"","cardPlayerCodec":""},"categories":[9],"tags":[285,14,95,190,24],"jetpack_featured_media_url":"","_links":{"self":[{"href":"https:\/\/andresb.net\/blog\/wp-json\/wp\/v2\/posts\/799"}],"collection":[{"href":"https:\/\/andresb.net\/blog\/wp-json\/wp\/v2\/posts"}],"about":[{"href":"https:\/\/andresb.net\/blog\/wp-json\/wp\/v2\/types\/post"}],"author":[{"embeddable":true,"href":"https:\/\/andresb.net\/blog\/wp-json\/wp\/v2\/users\/2"}],"replies":[{"embeddable":true,"href":"https:\/\/andresb.net\/blog\/wp-json\/wp\/v2\/comments?post=799"}],"version-history":[{"count":0,"href":"https:\/\/andresb.net\/blog\/wp-json\/wp\/v2\/posts\/799\/revisions"}],"wp:attachment":[{"href":"https:\/\/andresb.net\/blog\/wp-json\/wp\/v2\/media?parent=799"}],"wp:term":[{"taxonomy":"category","embeddable":true,"href":"https:\/\/andresb.net\/blog\/wp-json\/wp\/v2\/categories?post=799"},{"taxonomy":"post_tag","embeddable":true,"href":"https:\/\/andresb.net\/blog\/wp-json\/wp\/v2\/tags?post=799"}],"curies":[{"name":"wp","href":"https:\/\/api.w.org\/{rel}","templated":true}]}}